{"id":1131,"date":"2016-07-01T15:22:16","date_gmt":"2016-07-01T13:22:16","guid":{"rendered":"http:\/\/www.officinebabilonia.org\/?p=1131"},"modified":"2016-07-01T15:33:24","modified_gmt":"2016-07-01T13:33:24","slug":"guerre-profughi-e-migranti","status":"publish","type":"post","link":"https:\/\/www.officinebabilonia.org\/?p=1131","title":{"rendered":"Guerre, profughi e migranti"},"content":{"rendered":"<p style=\"text-align: justify;\">Ultimo appuntamento organizzato nell&#8217;ambito degli incontri RAMADAN MUBARAK.<br \/>\nEvento organizzato, in occasione del mese sacro del Ramadan, con l&#8217;obiettivo di promuovere ed incentivare l&#8217;incontro ed il confronto tra culture diverse.\u00a0In questo periodo storico \u00e8 necessario dare una risposta concreta alle tante paure, ai dubbi ed ai pregiudizi e fornire uno strumento di consapevolezza.\u00a0In tal senso, il momento del Ramadan pu\u00f2 divenire opportunit\u00e0 utile per avvicinarsi all&#8217;altro per confrontarsi e costruire insieme un ponte tra molteplici identit\u00e0, contro l&#8217;esclusione, il razzismo e l&#8217;odio. In questo ultimo appuntamento si cercher\u00e0 di porre l&#8217;attenzione sulle ragioni che spingono sempre pi\u00f9 profughi verso la &#8220;democratica&#8221; Europa.<img loading=\"lazy\" decoding=\"async\" class=\"alignleft size-medium wp-image-1133\" src=\"http:\/\/www.officinebabilonia.org\/wp-content\/uploads\/2016\/07\/VI-IT-ART-43067-foto_siamo_profughi_delle_vostre_guerre_ok-400x239.jpg\" alt=\"VI-IT-ART-43067-foto_siamo_profughi_delle_vostre_guerre_ok\" width=\"400\" height=\"239\" srcset=\"https:\/\/www.officinebabilonia.org\/wp-content\/uploads\/2016\/07\/VI-IT-ART-43067-foto_siamo_profughi_delle_vostre_guerre_ok-400x239.jpg 400w, https:\/\/www.officinebabilonia.org\/wp-content\/uploads\/2016\/07\/VI-IT-ART-43067-foto_siamo_profughi_delle_vostre_guerre_ok-768x458.jpg 768w, https:\/\/www.officinebabilonia.org\/wp-content\/uploads\/2016\/07\/VI-IT-ART-43067-foto_siamo_profughi_delle_vostre_guerre_ok.jpg 957w\" sizes=\"auto, (max-width: 400px) 100vw, 400px\" \/><\/p>\n<p><span style=\"color: #3366ff;\"><strong>NE DISCUTIAMO CON:<\/strong><\/span><br \/>\nAke Edoh Afelik\u00e8 \u2013 Associazione La Kasbah<br \/>\nUna Attivista della Campagna LasciateCIEntrare<br \/>\nAndrea Bevacqua \u2013 Otra Vez<br \/>\nLuana Ammendola \u2013 Moci ong<br \/>\nVideo conferenza con Emanuele Nannini &#8211; Vice coordinatore ufficio umanitario Emergency<\/p>\n<p>evento <strong><a href=\"http:\/\/www.facebook.com\/events\/1747591848822499\">Fb<\/a><\/strong><\/p>\n","protected":false},"excerpt":{"rendered":"<p>Ultimo appuntamento organizzato nell&#8217;ambito degli incontri RAMADAN MUBARAK. Evento organizzato, in occasione del mese sacro del Ramadan, con l&#8217;obiettivo di promuovere ed incentivare l&#8217;incontro ed il confronto tra culture diverse.\u00a0In questo periodo storico \u00e8 necessario dare una risposta concreta alle tante paure, ai dubbi ed ai pregiudizi e fornire uno strumento di consapevolezza.\u00a0In tal senso,&#8230;<\/p>\n","protected":false},"author":2,"featured_media":1132,"comment_status":"closed","ping_status":"open","sticky":false,"template":"","format":"standard","meta":{"footnotes":""},"categories":[2],"tags":[],"class_list":["post-1131","post","type-post","status-publish","format-standard","has-post-thumbnail","hentry","category-eventi"],"_links":{"self":[{"href":"https:\/\/www.officinebabilonia.org\/index.php?rest_route=\/wp\/v2\/posts\/1131","targetHints":{"allow":["GET"]}}],"collection":[{"href":"https:\/\/www.officinebabilonia.org\/index.php?rest_route=\/wp\/v2\/posts"}],"about":[{"href":"https:\/\/www.officinebabilonia.org\/index.php?rest_route=\/wp\/v2\/types\/post"}],"author":[{"embeddable":true,"href":"https:\/\/www.officinebabilonia.org\/index.php?rest_route=\/wp\/v2\/users\/2"}],"replies":[{"embeddable":true,"href":"https:\/\/www.officinebabilonia.org\/index.php?rest_route=%2Fwp%2Fv2%2Fcomments&post=1131"}],"version-history":[{"count":4,"href":"https:\/\/www.officinebabilonia.org\/index.php?rest_route=\/wp\/v2\/posts\/1131\/revisions"}],"predecessor-version":[{"id":1138,"href":"https:\/\/www.officinebabilonia.org\/index.php?rest_route=\/wp\/v2\/posts\/1131\/revisions\/1138"}],"wp:featuredmedia":[{"embeddable":true,"href":"https:\/\/www.officinebabilonia.org\/index.php?rest_route=\/wp\/v2\/media\/1132"}],"wp:attachment":[{"href":"https:\/\/www.officinebabilonia.org\/index.php?rest_route=%2Fwp%2Fv2%2Fmedia&parent=1131"}],"wp:term":[{"taxonomy":"category","embeddable":true,"href":"https:\/\/www.officinebabilonia.org\/index.php?rest_route=%2Fwp%2Fv2%2Fcategories&post=1131"},{"taxonomy":"post_tag","embeddable":true,"href":"https:\/\/www.officinebabilonia.org\/index.php?rest_route=%2Fwp%2Fv2%2Ftags&post=1131"}],"curies":[{"name":"wp","href":"https:\/\/api.w.org\/{rel}","templated":true}]}}