{"id":1166,"date":"2017-03-18T10:47:33","date_gmt":"2017-03-18T09:47:33","guid":{"rendered":"http:\/\/www.officinebabilonia.org\/?p=1166"},"modified":"2017-03-18T10:47:33","modified_gmt":"2017-03-18T09:47:33","slug":"marciaimmensa-accogliamoli-a-casa-nostra","status":"publish","type":"post","link":"https:\/\/www.officinebabilonia.org\/?p=1166","title":{"rendered":"Marciaimmensa! Accogliamoli a casa NOSTRA!"},"content":{"rendered":"<p><img loading=\"lazy\" decoding=\"async\" class=\"alignleft size-medium wp-image-1167\" src=\"http:\/\/www.officinebabilonia.org\/wp-content\/uploads\/2017\/03\/17202750_1803780316609599_7889250883082103436_n-400x129.jpg\" alt=\"\" width=\"400\" height=\"129\" srcset=\"https:\/\/www.officinebabilonia.org\/wp-content\/uploads\/2017\/03\/17202750_1803780316609599_7889250883082103436_n-400x129.jpg 400w, https:\/\/www.officinebabilonia.org\/wp-content\/uploads\/2017\/03\/17202750_1803780316609599_7889250883082103436_n.jpg 692w\" sizes=\"auto, (max-width: 400px) 100vw, 400px\" \/>Officine Babilonia partecipa e sostiene il Comitato di FieraInMensa per l\u2019edizione 2017 organizzata in occasione della consueta Fiera di San Giuseppe. Vi invitiamo a partecipare alla marcia che si terr\u00e0 sabato 18 in sostegno dei diritti dei migranti. Di seguito il comunicato del comitato organizzatore.<\/p>\n<p>&#8220;Nel penultimo giorno di FieraInMensa una grande marcia colorata e pacifica sfiler\u00e0 per la citt\u00e0.<br \/>\nUn abbraccio Ideale della Cosenza solidale ai nostri fratelli e amici che arrivano dall&#8217;altra parte del Mediterraneo.<br \/>\nLa Fiera diventa luogo di incontro e accoglienza, Cosenza \u00e8 da sempre citt\u00e0 di solidariet\u00e0.<br \/>\nIl 18 sar\u00e0 una marcia per e non contro. Una marcia PER ribadire il diritto di tutti i migranti ad essere accolti, PER le politiche della buona accoglienza ma soprattutto PER la buona inclusione, PER la libert\u00e0 di movimento in Europa.<br \/>\nUna marciaimmensa PER i diritti irrinunciabili di ogni migrante.<br \/>\nLa marcia simbolicamente si concluder\u00e0 in piazza Bilotti nel cuore della citt\u00e0 con un momento di festa e abbraccio tra i cosentini e i migranti giunti in fiera con le loro bancarelle.<\/p>\n<p><strong>Raduno ore 19.00 Piazza Mancini (Due Fiumi).<\/strong><br \/>\n<strong>Durante la marcia musica a cura di Africa Djembefolalou. <\/strong><br \/>\n<strong>Conclusione Piazza Bilotti con cena e musica in piazza a cura di Africa Djembefolalou.<\/strong><\/p>\n<p><strong>A seguire Dj set In Fiera presso CPOA RIALZO&#8221;<\/strong><\/p>\n<p>evento <a href=\"http:\/\/www.facebook.com\/events\/139431666580415\/?notif_t=event_aggregate&amp;notif_id=1489828917477323\">Fb<\/a><\/p>\n","protected":false},"excerpt":{"rendered":"<p>Officine Babilonia partecipa e sostiene il Comitato di FieraInMensa per l\u2019edizione 2017 organizzata in occasione della consueta Fiera di San Giuseppe. Vi invitiamo a partecipare alla marcia che si terr\u00e0 sabato 18 in sostegno dei diritti dei migranti. Di seguito il comunicato del comitato organizzatore. &#8220;Nel penultimo giorno di FieraInMensa una grande marcia colorata e&#8230;<\/p>\n","protected":false},"author":2,"featured_media":1168,"comment_status":"closed","ping_status":"open","sticky":false,"template":"","format":"standard","meta":{"footnotes":""},"categories":[2],"tags":[],"class_list":["post-1166","post","type-post","status-publish","format-standard","has-post-thumbnail","hentry","category-eventi"],"_links":{"self":[{"href":"https:\/\/www.officinebabilonia.org\/index.php?rest_route=\/wp\/v2\/posts\/1166","targetHints":{"allow":["GET"]}}],"collection":[{"href":"https:\/\/www.officinebabilonia.org\/index.php?rest_route=\/wp\/v2\/posts"}],"about":[{"href":"https:\/\/www.officinebabilonia.org\/index.php?rest_route=\/wp\/v2\/types\/post"}],"author":[{"embeddable":true,"href":"https:\/\/www.officinebabilonia.org\/index.php?rest_route=\/wp\/v2\/users\/2"}],"replies":[{"embeddable":true,"href":"https:\/\/www.officinebabilonia.org\/index.php?rest_route=%2Fwp%2Fv2%2Fcomments&post=1166"}],"version-history":[{"count":1,"href":"https:\/\/www.officinebabilonia.org\/index.php?rest_route=\/wp\/v2\/posts\/1166\/revisions"}],"predecessor-version":[{"id":1169,"href":"https:\/\/www.officinebabilonia.org\/index.php?rest_route=\/wp\/v2\/posts\/1166\/revisions\/1169"}],"wp:featuredmedia":[{"embeddable":true,"href":"https:\/\/www.officinebabilonia.org\/index.php?rest_route=\/wp\/v2\/media\/1168"}],"wp:attachment":[{"href":"https:\/\/www.officinebabilonia.org\/index.php?rest_route=%2Fwp%2Fv2%2Fmedia&parent=1166"}],"wp:term":[{"taxonomy":"category","embeddable":true,"href":"https:\/\/www.officinebabilonia.org\/index.php?rest_route=%2Fwp%2Fv2%2Fcategories&post=1166"},{"taxonomy":"post_tag","embeddable":true,"href":"https:\/\/www.officinebabilonia.org\/index.php?rest_route=%2Fwp%2Fv2%2Ftags&post=1166"}],"curies":[{"name":"wp","href":"https:\/\/api.w.org\/{rel}","templated":true}]}}