{"id":1219,"date":"2017-07-05T23:41:27","date_gmt":"2017-07-05T21:41:27","guid":{"rendered":"http:\/\/www.officinebabilonia.org\/?p=1219"},"modified":"2017-07-25T23:42:07","modified_gmt":"2017-07-25T21:42:07","slug":"sullarea-delle-ex-officine-decidiamo-noi","status":"publish","type":"post","link":"https:\/\/www.officinebabilonia.org\/?p=1219","title":{"rendered":"Sull&#8217;area delle ex officine decidiamo noi!"},"content":{"rendered":"<p><img loading=\"lazy\" decoding=\"async\" class=\"alignleft wp-image-1221\" src=\"http:\/\/www.officinebabilonia.org\/wp-content\/uploads\/2017\/07\/nosgomberoexofficine_24-400x267.jpg\" alt=\"\" width=\"328\" height=\"219\" srcset=\"https:\/\/www.officinebabilonia.org\/wp-content\/uploads\/2017\/07\/nosgomberoexofficine_24-400x267.jpg 400w, https:\/\/www.officinebabilonia.org\/wp-content\/uploads\/2017\/07\/nosgomberoexofficine_24-768x512.jpg 768w, https:\/\/www.officinebabilonia.org\/wp-content\/uploads\/2017\/07\/nosgomberoexofficine_24.jpg 800w\" sizes=\"auto, (max-width: 328px) 100vw, 328px\" \/>Dopo 5 anni si torna a parlare dell&#8217;area delle <strong>Ex Officine delle Ferrovie della Calabria<\/strong>, situata tra <strong>Viale Mancini e Via Popilia<\/strong>. Un&#8217;area che, negli ultimi dieci anni, ha resistito alla cementificazione selvaggia che ha caratterizzato il resto del viale e nella quale si sono sviluppate e consolidate una serie di esperienze costruite dal basso di notevole impatto e utilit\u00e0 sociale.<\/p>\n<p>A metterle in discussione sono alcuni sotto punti dell&#8217;<strong><a href=\"http:\/\/www.officinebabilonia.org\/?attachment_id=1223\" rel=\"attachment wp-att-1223\">accordo di programma<\/a><\/strong> relativo alla metropolitana leggera sottoscritto nelle scorse settimane da Regione Calabria, Provincia di Cosenza, Comune di Cosenza e Rende. O, per meglio dire, la velocit\u00e0 con cui l&#8217;accordo prevede l&#8217;elaborazione del progetto completo di fattibilit\u00e0 tecnica ed economica.<\/p>\n<p>Analizzando l&#8217;accordo, nel punto 5.4.5. dell&#8217;art. 3, si afferma che l&#8217;area <em>&lt;&lt;sar\u00e0 destinata ad esclusivo uso pubblico&gt;&gt;<\/em> e il comune <em>&lt;&lt;si impegna, a fini ed effetti perequativi, di un valore urbanistico in favore della Regione Calabria\/FdC, su immobili presenti sul territorio di Cosenza&gt;&gt;<\/em>, fissando che <em>&lt;&lt;la cessione avverr\u00e0 entro tre mesi dalla sottoscrizione del presente accordo&gt;&gt;<\/em> per mezzo di <em>&lt;&lt;determinazione congiunta&gt;&gt;<\/em>.<\/p>\n<p style=\"text-align: left;\">Oggi si parla di progetti esecutivi che, stando al punto 4 di cui agli Impegni del Comune di Cosenza, cita <em>&lt;&lt;Fornire alla Regione Calabria, entro 60 gg., [\u2026] il Progetto completo di fattibilit\u00e0 <a href=\"http:\/\/www.officinebabilonia.org\/?attachment_id=1224\" rel=\"attachment wp-att-1224\"><img loading=\"lazy\" decoding=\"async\" class=\" wp-image-1224 alignright\" src=\"http:\/\/www.officinebabilonia.org\/wp-content\/uploads\/2017\/07\/Occhiuto-Cosenza-che-verra-16-400x300.jpg\" alt=\"\" width=\"316\" height=\"237\" srcset=\"https:\/\/www.officinebabilonia.org\/wp-content\/uploads\/2017\/07\/Occhiuto-Cosenza-che-verra-16-400x300.jpg 400w, https:\/\/www.officinebabilonia.org\/wp-content\/uploads\/2017\/07\/Occhiuto-Cosenza-che-verra-16.jpg 666w\" sizes=\"auto, (max-width: 316px) 100vw, 316px\" \/><\/a>tecnica ed economica [&#8230;] delle opere ad esclusivo uso pubblico che si andranno a realizzare&gt;&gt;<\/em> ci preme sottolineare per\u00f2, che ad oggi, le realt\u00e0 attive nell&#8217;area non sono state interpellate.<br \/>\nVerr\u00e0 cambiata a breve la destinazione d&#8217;uso ma non \u00e8 chiaro, n\u00e9 ci tranquillizza, il concetto di uso pubblico che pu\u00f2 essere declinato in diversi modi, alcuni dei quali per noi inaccettabili.<\/p>\n<p>Se consideriamo il progetto presentato alla stampa nel mese di febbraio dall&#8217;Amministrazione Occhiuto &#8211; in cui \u00e8 previsto l&#8217;abbattimento di alcuni degli edifici esistenti, la realizzazione di un parco verde e di un edificio di culto \u2013 non troviamo nessuna corrispondenza con quanto \u00e8 stato proposto da parte nostra negli accennati incontri di progettazione partecipata svoltisi negli anni passati, in cui ad ognuno di noi \u00e8 stato chiesto natura e scopi delle proprie realt\u00e0 associative.<\/p>\n<p>Non si pu\u00f2 trascurare che questo progetto di riqualificazione debba necessariamente prevedere una progettazione partecipata che tenga in considerazione lo status quo e le esigenze di tutti gli \u201cabitanti\u201d dell\u2019area\u201d, valorizzandone sia la vocazione che le peculiarit\u00e0, cos\u00ec come \u00e8 accaduto ed accade ancora in altre citt\u00e0 europee rispetto ad esperienze similari di riorganizzazione e riqualificazione urbana.<br \/>\nOgni decisione dovr\u00e0 essere presa con la partecipazione reale e concreta di chi, in questi anni, ha costruito percorsi di inclusione; fornito servizi ai tanti invisibili che in questa citt\u00e0 vive ai margini, supplendo alle carenze degli enti preposti; offerto una proposta culturale valida ai tanti giovani che frequentano l\u2019area, in sostanza, costruendo di fatto un unico e grande esempio di cooperazione sociale che consideriamo enorme capitale sociale dell\u2019intera area urbana.<\/p>\n<p><a href=\"http:\/\/www.officinebabilonia.org\/?attachment_id=1225\" rel=\"attachment wp-att-1225\"><img loading=\"lazy\" decoding=\"async\" class=\"alignleft wp-image-1225\" src=\"http:\/\/www.officinebabilonia.org\/wp-content\/uploads\/2017\/07\/Occhiuto-Cosenza-che-verra-17-400x300.jpg\" alt=\"\" width=\"303\" height=\"227\" srcset=\"https:\/\/www.officinebabilonia.org\/wp-content\/uploads\/2017\/07\/Occhiuto-Cosenza-che-verra-17-400x300.jpg 400w, https:\/\/www.officinebabilonia.org\/wp-content\/uploads\/2017\/07\/Occhiuto-Cosenza-che-verra-17.jpg 666w\" sizes=\"auto, (max-width: 303px) 100vw, 303px\" \/><\/a>Una citt\u00e0 moderna e proiettata nel futuro, cos\u00ec come spesso viene definita dal Sindaco, non pu\u00f2 prescindere da queste considerazioni.\u00a0Quello che chiediamo \u00e8, dunque, un incontro immediato e pubblico con l&#8217;Amministrazione comunale per capire quali siano le reali intenzioni rispetto al progetto di riqualificazione dell&#8217;area.<\/p>\n<p><strong>Auditorium Popolare<\/strong><br \/>\n<strong>Cpoa Rialzo<\/strong><br \/>\n<strong>Associazione Yairaiha Onlus<\/strong><br \/>\n<strong>Collettivo Autonomo Studentesco<\/strong><br \/>\n<strong>Cooperativa Soccorso Speranza Onlus<\/strong><br \/>\n<strong>Gas Cosenza \u2013 Utopie Sorridenti<\/strong><br \/>\n<strong>Officine Babilonia<\/strong><\/p>\n","protected":false},"excerpt":{"rendered":"<p>Dopo 5 anni si torna a parlare dell&#8217;area delle Ex Officine delle Ferrovie della Calabria, situata tra Viale Mancini e Via Popilia. Un&#8217;area che, negli ultimi dieci anni, ha resistito alla cementificazione selvaggia che ha caratterizzato il resto del viale e nella quale si sono sviluppate e consolidate una serie di esperienze costruite dal basso&#8230;<\/p>\n","protected":false},"author":2,"featured_media":1220,"comment_status":"closed","ping_status":"open","sticky":false,"template":"","format":"standard","meta":{"footnotes":""},"categories":[19],"tags":[],"class_list":["post-1219","post","type-post","status-publish","format-standard","has-post-thumbnail","hentry","category-news"],"_links":{"self":[{"href":"https:\/\/www.officinebabilonia.org\/index.php?rest_route=\/wp\/v2\/posts\/1219","targetHints":{"allow":["GET"]}}],"collection":[{"href":"https:\/\/www.officinebabilonia.org\/index.php?rest_route=\/wp\/v2\/posts"}],"about":[{"href":"https:\/\/www.officinebabilonia.org\/index.php?rest_route=\/wp\/v2\/types\/post"}],"author":[{"embeddable":true,"href":"https:\/\/www.officinebabilonia.org\/index.php?rest_route=\/wp\/v2\/users\/2"}],"replies":[{"embeddable":true,"href":"https:\/\/www.officinebabilonia.org\/index.php?rest_route=%2Fwp%2Fv2%2Fcomments&post=1219"}],"version-history":[{"count":3,"href":"https:\/\/www.officinebabilonia.org\/index.php?rest_route=\/wp\/v2\/posts\/1219\/revisions"}],"predecessor-version":[{"id":1228,"href":"https:\/\/www.officinebabilonia.org\/index.php?rest_route=\/wp\/v2\/posts\/1219\/revisions\/1228"}],"wp:featuredmedia":[{"embeddable":true,"href":"https:\/\/www.officinebabilonia.org\/index.php?rest_route=\/wp\/v2\/media\/1220"}],"wp:attachment":[{"href":"https:\/\/www.officinebabilonia.org\/index.php?rest_route=%2Fwp%2Fv2%2Fmedia&parent=1219"}],"wp:term":[{"taxonomy":"category","embeddable":true,"href":"https:\/\/www.officinebabilonia.org\/index.php?rest_route=%2Fwp%2Fv2%2Fcategories&post=1219"},{"taxonomy":"post_tag","embeddable":true,"href":"https:\/\/www.officinebabilonia.org\/index.php?rest_route=%2Fwp%2Fv2%2Ftags&post=1219"}],"curies":[{"name":"wp","href":"https:\/\/api.w.org\/{rel}","templated":true}]}}